{"id":845,"date":"2023-10-20T12:17:24","date_gmt":"2023-10-20T12:17:24","guid":{"rendered":"https:\/\/web4.rkinformatika.net\/icasesores\/?p=845"},"modified":"2023-10-20T12:18:00","modified_gmt":"2023-10-20T12:18:00","slug":"deduccion-gastos-vehiculos-2","status":"publish","type":"post","link":"https:\/\/iccasesores.es\/eu\/deduccion-gastos-vehiculos-2\/","title":{"rendered":"Deducci\u00f3n gastos veh\u00edculos"},"content":{"rendered":"<div data-elementor-type=\"wp-post\" data-elementor-id=\"845\" class=\"elementor elementor-845\" data-elementor-post-type=\"post\">\n\t\t\t\t<div class=\"elementor-element elementor-element-f1f9a35 e-flex e-con-boxed e-con e-parent\" data-id=\"f1f9a35\" data-element_type=\"container\" data-e-type=\"container\">\n\t\t\t\t\t<div class=\"e-con-inner\">\n\t\t\t\t<div class=\"elementor-element elementor-element-dbdb3b2 elementor-widget elementor-widget-heading\" data-id=\"dbdb3b2\" data-element_type=\"widget\" data-e-type=\"widget\" data-widget_type=\"heading.default\">\n\t\t\t\t<div class=\"elementor-widget-container\">\n\t\t\t\t\t<h2 class=\"elementor-heading-title elementor-size-default\">Deducci\u00f3n gastos veh\u00edculos<\/h2>\t\t\t\t<\/div>\n\t\t\t\t<\/div>\n\t\t\t\t\t<\/div>\n\t\t\t\t<\/div>\n\t\t<div class=\"elementor-element elementor-element-1e31510 e-flex e-con-boxed e-con e-parent\" data-id=\"1e31510\" data-element_type=\"container\" data-e-type=\"container\">\n\t\t\t\t\t<div class=\"e-con-inner\">\n\t\t\t\t<div class=\"elementor-element elementor-element-a62e81a elementor-widget elementor-widget-image\" data-id=\"a62e81a\" data-element_type=\"widget\" data-e-type=\"widget\" data-widget_type=\"image.default\">\n\t\t\t\t<div class=\"elementor-widget-container\">\n\t\t\t\t\t\t\t\t\t\t\t\t\t\t\t<img fetchpriority=\"high\" decoding=\"async\" width=\"800\" height=\"527\" src=\"https:\/\/iccasesores.es\/wp-content\/uploads\/2023\/10\/autos-1115600_1280-Copy-1024x675-1.jpg\" class=\"attachment-large size-large wp-image-847\" alt=\"\" srcset=\"https:\/\/iccasesores.es\/wp-content\/uploads\/2023\/10\/autos-1115600_1280-Copy-1024x675-1.jpg 1024w, https:\/\/iccasesores.es\/wp-content\/uploads\/2023\/10\/autos-1115600_1280-Copy-1024x675-1-300x198.jpg 300w, https:\/\/iccasesores.es\/wp-content\/uploads\/2023\/10\/autos-1115600_1280-Copy-1024x675-1-768x506.jpg 768w, https:\/\/iccasesores.es\/wp-content\/uploads\/2023\/10\/autos-1115600_1280-Copy-1024x675-1-18x12.jpg 18w\" sizes=\"(max-width: 800px) 100vw, 800px\" \/>\t\t\t\t\t\t\t\t\t\t\t\t\t\t\t<\/div>\n\t\t\t\t<\/div>\n\t\t\t\t\t<\/div>\n\t\t\t\t<\/div>\n\t\t<div class=\"elementor-element elementor-element-824ed89 e-flex e-con-boxed e-con e-parent\" data-id=\"824ed89\" data-element_type=\"container\" data-e-type=\"container\">\n\t\t\t\t\t<div class=\"e-con-inner\">\n\t\t\t\t<div class=\"elementor-element elementor-element-0cf3154 elementor-widget elementor-widget-text-editor\" data-id=\"0cf3154\" data-element_type=\"widget\" data-e-type=\"widget\" data-widget_type=\"text-editor.default\">\n\t\t\t\t<div class=\"elementor-widget-container\">\n\t\t\t\t\t\t\t\t\t<p>Una cuesti\u00f3n muy frecuente planteada por nuestros clientes concierne a la legalidad o no de deducir los gastos que se soportan por disponer de un veh\u00edculo turismo afecto a la actividad econ\u00f3mica. La interpretaci\u00f3n como gasto de estos veh\u00edculos difiere de la forma jur\u00eddica bajo la que desarrollemos nuestra actividad. Tenemos dos supuestos:<\/p><p><strong>Aut\u00f3nomos y profesionales que ejercen como empresarios individuales. Deducci\u00f3n en el IRPF.<\/strong><\/p><p>En estos casos la AEAT va a exigir la vinculaci\u00f3n cien por cien del veh\u00edculo a la actividad para poder deducir los gastos de los mismos, con independencia, incluso, de que se trate de un leasing o un renting. Se asume vinculaci\u00f3n total en los veh\u00edculos relacionados en el art\u00edculo 4 del RIRPF:<\/p><ul><li>Los veh\u00edculos mixtos destinados al transporte de mercanc\u00edas.<\/li><li>Los destinados a la prestaci\u00f3n de servicios de transporte de viajeros mediante contraprestaci\u00f3n.<\/li><li>Los destinados a la prestaci\u00f3n de servicios de ense\u00f1anza de conductores o pilotos mediante contraprestaci\u00f3n.<\/li><li>Los destinados a los desplazamientos profesionales de los representantes o agentes comerciales.<\/li><li>Los destinados a ser objeto de cesi\u00f3n de uso con habitualidad y onerosidad.<\/li><\/ul><p>Pero, mientras que para el resto de los veh\u00edculos, para deducir el IVA por su adquisici\u00f3n se aplica el baremo del 50% sobre la cuota soportada (como he explicado en otra entrada de este blog), en renta no se admite porcentaje alguno salvo afectaci\u00f3n total (art\u00edculo 29 LIRPF) y completa. \u00bfAbsurdo fiscal? En mi opini\u00f3n s\u00ed, absurdo absoluto. No s\u00f3lo eso. Abuso absoluto. Y este absurdo lleva a que, en la pr\u00e1ctica, muchos empresarios deduzcan el 50% de los gastos (reparaciones, seguros, combustible, etc.) en los que incurren por el uso de su veh\u00edculo, pues indudablemente se hace uso de los mismos en la actividad, seguramente en porcentaje superior a esa mitad. Sin embargo, que quede claro que estamos fuera de la ley.<\/p><p>Deducimos el 100% o no deducimos nada. Y si optamos por lo primero, debemos tener preparadas las pruebas que, en caso de comprobaci\u00f3n, se nos pedir\u00e1n sin lugar a dudas para demostrar la vinculaci\u00f3n del activo con nuestra actividad. Ya advertimos de que la probabilidad de rechazo por parte de la AEAT es elevad\u00edsima. La mayor\u00eda de las sentencias no admite las pruebas presentadas de modo que, salvo casos como grandes empresas con parking propio y c\u00e1maras de vigilancia, por ejemplo, resultar\u00e1 muy dif\u00edcil de probar. Incluso la t\u00edpica manifestaci\u00f3n de exponer que se dispone de un segundo veh\u00edculo para demostrar el que el otro est\u00e1 cien por cien afecto, debe recordarse la consulta a la DGT del 21\/01\/2003, n\u00famero 54, donde se expone que este hecho resulta indiferente a estos efectos, pues la existencia de un segundo veh\u00edculo particular en modo alguno prueba que el primero se use exclusivamente para la actividad econ\u00f3mica.<\/p><p>A pesar de lo dicho, ello no impide el recurso a la v\u00eda administrativa para interponer nuestra correspondiente reclamaci\u00f3n, bien sostenida, como hemos dicho, por sus elementos probatorios.<\/p><p><strong>Sociedades mercantiles. Deducci\u00f3n en el impuesto de sociedades.<\/strong><\/p><p>Supongamos que hemos adquirido el veh\u00edculo a nombre de la sociedad y, por tanto, disponemos de la correspondiente factura y se encuentra debidamente registrada en nuestra contabilidad. Pues bien, tanto los gastos vinculados con su adquisici\u00f3n como los debidos a su conservaci\u00f3n ser\u00e1n deducibles en su integridad.<\/p><p>En el supuesto de que los socios-trabajadores o los empleados de la empresa hagan uso del veh\u00edculo para fines propios, la entidad deber\u00e1 imputar una retribuci\u00f3n en especie a los mismos valor\u00e1ndose de acuerdo a la normativa espec\u00edfica del IRPF para estos casos. Esto supondr\u00e1 que esta fracci\u00f3n del gasto tendr\u00e1 la consideraci\u00f3n de \u00abgasto de personal\u00bb, por lo que no se pierde su car\u00e1cter deducible. Sin embargo, el socio-trabajador o el empleado deber\u00e1n tributar por dicho concepto en su declaraci\u00f3n de la renta. As\u00ed, el problema no est\u00e1 en si el gasto es o no deducible, sino en la catalogaci\u00f3n que hagamos del mismo. Para la empresa no var\u00eda. Pero ojo, si el veh\u00edculo es utilizado por socios o miembros del consejo de administraci\u00f3n que no trabajan para la empresa, no podr\u00eda aplicarse esta regla y se considerar\u00eda un dividendo no deducible. El c\u00f3mputo de horas que el veh\u00edculo ha estado a disposici\u00f3n de usos privados o empresariales ha sido el modo habitual de la AEAT para calcular la prorrata. Los juzgados, no obstante, se decantan m\u00e1s por no basar su criterio en la disponibilidad (se use o no el veh\u00edculo), sino en tomar como elemento de baremaci\u00f3n la\u00a0utilizaci\u00f3n o uso efectivo del veh\u00edculo\u00a0(es decir, si este activo est\u00e1 estacionado, pero sin hacer uso del mismo, en un parking del socio-trabajador o empleado, no computar\u00eda como uso personal). Bajo esta premisa, se entiende por consenso que la baremaci\u00f3n 50% privado contra 50% empresarial es m\u00e1s que razonable. Despu\u00e9s de todo, as\u00ed se establece tambi\u00e9n para el IVA. As\u00ed, por el 50% privado deber\u00eda imputarse una retribuci\u00f3n en especie (20% sobre el valor de adquisici\u00f3n, que en este caso ser\u00eda el 50% del mismo).<\/p><p class=\"has-text-color has-small-font-size has-vivid-cyan-blue-color\">Pedro Joaqu\u00edn Crespo Rold\u00e1n. Economista.<\/p>\t\t\t\t\t\t\t\t<\/div>\n\t\t\t\t<\/div>\n\t\t\t\t\t<\/div>\n\t\t\t\t<\/div>\n\t\t\t\t<\/div>","protected":false},"excerpt":{"rendered":"<p>Deducci\u00f3n gastos veh\u00edculos Una cuesti\u00f3n muy frecuente planteada por nuestros clientes concierne a la legalidad o no de deducir los gastos que se soportan por disponer de un veh\u00edculo turismo afecto a la actividad econ\u00f3mica. La interpretaci\u00f3n como gasto de estos veh\u00edculos difiere de la forma jur\u00eddica bajo la que desarrollemos nuestra actividad. Tenemos dos&#8230;<\/p>","protected":false},"author":1,"featured_media":0,"comment_status":"closed","ping_status":"closed","sticky":false,"template":"elementor_canvas","format":"standard","meta":{"footnotes":""},"categories":[1],"tags":[],"class_list":["post-845","post","type-post","status-publish","format-standard","hentry","category-blog"],"yoast_head":"<!-- This site is optimized with the Yoast SEO plugin v27.5 - https:\/\/yoast.com\/product\/yoast-seo-wordpress\/ -->\n<title>Deducci\u00f3n gastos veh\u00edculos - ICC Asesores<\/title>\n<meta name=\"robots\" content=\"index, follow, max-snippet:-1, max-image-preview:large, max-video-preview:-1\" \/>\n<link rel=\"canonical\" href=\"https:\/\/iccasesores.es\/eu\/deduccion-gastos-vehiculos-2\/\" \/>\n<meta property=\"og:locale\" content=\"en_US\" \/>\n<meta property=\"og:type\" content=\"article\" \/>\n<meta property=\"og:title\" content=\"Deducci\u00f3n gastos veh\u00edculos - ICC Asesores\" \/>\n<meta property=\"og:description\" content=\"Deducci\u00f3n gastos veh\u00edculos Una cuesti\u00f3n muy frecuente planteada por nuestros clientes concierne a la legalidad o no de deducir los gastos que se soportan por disponer de un veh\u00edculo turismo afecto a la actividad econ\u00f3mica. La interpretaci\u00f3n como gasto de estos veh\u00edculos difiere de la forma jur\u00eddica bajo la que desarrollemos nuestra actividad. Tenemos dos...\" \/>\n<meta property=\"og:url\" content=\"https:\/\/iccasesores.es\/eu\/deduccion-gastos-vehiculos-2\/\" \/>\n<meta property=\"og:site_name\" content=\"ICC Asesores\" \/>\n<meta property=\"article:published_time\" content=\"2023-10-20T12:17:24+00:00\" \/>\n<meta property=\"article:modified_time\" content=\"2023-10-20T12:18:00+00:00\" \/>\n<meta property=\"og:image\" content=\"https:\/\/iccasesores.es\/wp-content\/uploads\/2023\/10\/autos-1115600_1280-Copy-1024x675-1.jpg\" \/>\n<meta name=\"author\" content=\"admin\" \/>\n<meta name=\"twitter:card\" content=\"summary_large_image\" \/>\n<meta name=\"twitter:label1\" content=\"Written by\" \/>\n\t<meta name=\"twitter:data1\" content=\"admin\" \/>\n\t<meta name=\"twitter:label2\" content=\"Est. reading time\" \/>\n\t<meta name=\"twitter:data2\" content=\"5 minutua\" \/>\n<script type=\"application\/ld+json\" class=\"yoast-schema-graph\">{\"@context\":\"https:\\\/\\\/schema.org\",\"@graph\":[{\"@type\":\"Article\",\"@id\":\"https:\\\/\\\/iccasesores.es\\\/deduccion-gastos-vehiculos-2\\\/#article\",\"isPartOf\":{\"@id\":\"https:\\\/\\\/iccasesores.es\\\/deduccion-gastos-vehiculos-2\\\/\"},\"author\":{\"name\":\"admin\",\"@id\":\"https:\\\/\\\/iccasesores.es\\\/#\\\/schema\\\/person\\\/eddf7bcf25f115e09a47d21f6dfc51e8\"},\"headline\":\"Deducci\u00f3n gastos veh\u00edculos\",\"datePublished\":\"2023-10-20T12:17:24+00:00\",\"dateModified\":\"2023-10-20T12:18:00+00:00\",\"mainEntityOfPage\":{\"@id\":\"https:\\\/\\\/iccasesores.es\\\/deduccion-gastos-vehiculos-2\\\/\"},\"wordCount\":911,\"publisher\":{\"@id\":\"https:\\\/\\\/iccasesores.es\\\/#organization\"},\"image\":{\"@id\":\"https:\\\/\\\/iccasesores.es\\\/deduccion-gastos-vehiculos-2\\\/#primaryimage\"},\"thumbnailUrl\":\"https:\\\/\\\/iccasesores.es\\\/wp-content\\\/uploads\\\/2023\\\/10\\\/autos-1115600_1280-Copy-1024x675-1.jpg\",\"articleSection\":[\"Blog\"],\"inLanguage\":\"eu\"},{\"@type\":\"WebPage\",\"@id\":\"https:\\\/\\\/iccasesores.es\\\/deduccion-gastos-vehiculos-2\\\/\",\"url\":\"https:\\\/\\\/iccasesores.es\\\/deduccion-gastos-vehiculos-2\\\/\",\"name\":\"Deducci\u00f3n gastos veh\u00edculos - ICC Asesores\",\"isPartOf\":{\"@id\":\"https:\\\/\\\/iccasesores.es\\\/#website\"},\"primaryImageOfPage\":{\"@id\":\"https:\\\/\\\/iccasesores.es\\\/deduccion-gastos-vehiculos-2\\\/#primaryimage\"},\"image\":{\"@id\":\"https:\\\/\\\/iccasesores.es\\\/deduccion-gastos-vehiculos-2\\\/#primaryimage\"},\"thumbnailUrl\":\"https:\\\/\\\/iccasesores.es\\\/wp-content\\\/uploads\\\/2023\\\/10\\\/autos-1115600_1280-Copy-1024x675-1.jpg\",\"datePublished\":\"2023-10-20T12:17:24+00:00\",\"dateModified\":\"2023-10-20T12:18:00+00:00\",\"breadcrumb\":{\"@id\":\"https:\\\/\\\/iccasesores.es\\\/deduccion-gastos-vehiculos-2\\\/#breadcrumb\"},\"inLanguage\":\"eu\",\"potentialAction\":[{\"@type\":\"ReadAction\",\"target\":[\"https:\\\/\\\/iccasesores.es\\\/deduccion-gastos-vehiculos-2\\\/\"]}]},{\"@type\":\"ImageObject\",\"inLanguage\":\"eu\",\"@id\":\"https:\\\/\\\/iccasesores.es\\\/deduccion-gastos-vehiculos-2\\\/#primaryimage\",\"url\":\"https:\\\/\\\/iccasesores.es\\\/wp-content\\\/uploads\\\/2023\\\/10\\\/autos-1115600_1280-Copy-1024x675-1.jpg\",\"contentUrl\":\"https:\\\/\\\/iccasesores.es\\\/wp-content\\\/uploads\\\/2023\\\/10\\\/autos-1115600_1280-Copy-1024x675-1.jpg\"},{\"@type\":\"BreadcrumbList\",\"@id\":\"https:\\\/\\\/iccasesores.es\\\/deduccion-gastos-vehiculos-2\\\/#breadcrumb\",\"itemListElement\":[{\"@type\":\"ListItem\",\"position\":1,\"name\":\"Portada\",\"item\":\"https:\\\/\\\/iccasesores.es\\\/\"},{\"@type\":\"ListItem\",\"position\":2,\"name\":\"Deducci\u00f3n gastos veh\u00edculos\"}]},{\"@type\":\"WebSite\",\"@id\":\"https:\\\/\\\/iccasesores.es\\\/#website\",\"url\":\"https:\\\/\\\/iccasesores.es\\\/\",\"name\":\"ICC Asesores\",\"description\":\"Asesor\u00eda para peque\u00f1as empresas y aut\u00f3nomos\",\"publisher\":{\"@id\":\"https:\\\/\\\/iccasesores.es\\\/#organization\"},\"potentialAction\":[{\"@type\":\"SearchAction\",\"target\":{\"@type\":\"EntryPoint\",\"urlTemplate\":\"https:\\\/\\\/iccasesores.es\\\/?s={search_term_string}\"},\"query-input\":{\"@type\":\"PropertyValueSpecification\",\"valueRequired\":true,\"valueName\":\"search_term_string\"}}],\"inLanguage\":\"eu\"},{\"@type\":\"Organization\",\"@id\":\"https:\\\/\\\/iccasesores.es\\\/#organization\",\"name\":\"ICC Asesores\",\"url\":\"https:\\\/\\\/iccasesores.es\\\/\",\"logo\":{\"@type\":\"ImageObject\",\"inLanguage\":\"eu\",\"@id\":\"https:\\\/\\\/iccasesores.es\\\/#\\\/schema\\\/logo\\\/image\\\/\",\"url\":\"https:\\\/\\\/iccasesores.es\\\/wp-content\\\/uploads\\\/2023\\\/10\\\/cropped-ICC-Asesores-Logo.png\",\"contentUrl\":\"https:\\\/\\\/iccasesores.es\\\/wp-content\\\/uploads\\\/2023\\\/10\\\/cropped-ICC-Asesores-Logo.png\",\"width\":608,\"height\":609,\"caption\":\"ICC Asesores\"},\"image\":{\"@id\":\"https:\\\/\\\/iccasesores.es\\\/#\\\/schema\\\/logo\\\/image\\\/\"}},{\"@type\":\"Person\",\"@id\":\"https:\\\/\\\/iccasesores.es\\\/#\\\/schema\\\/person\\\/eddf7bcf25f115e09a47d21f6dfc51e8\",\"name\":\"admin\",\"image\":{\"@type\":\"ImageObject\",\"inLanguage\":\"eu\",\"@id\":\"https:\\\/\\\/secure.gravatar.com\\\/avatar\\\/4b903b6560091a7280eda90a2491f38d8fbc77a2bb55f4ac3a063d76b12dff57?s=96&d=mm&r=g\",\"url\":\"https:\\\/\\\/secure.gravatar.com\\\/avatar\\\/4b903b6560091a7280eda90a2491f38d8fbc77a2bb55f4ac3a063d76b12dff57?s=96&d=mm&r=g\",\"contentUrl\":\"https:\\\/\\\/secure.gravatar.com\\\/avatar\\\/4b903b6560091a7280eda90a2491f38d8fbc77a2bb55f4ac3a063d76b12dff57?s=96&d=mm&r=g\",\"caption\":\"admin\"},\"sameAs\":[\"https:\\\/\\\/iccasesores.es\"],\"url\":\"https:\\\/\\\/iccasesores.es\\\/eu\\\/author\\\/icasesores\\\/\"}]}<\/script>\n<!-- \/ Yoast SEO plugin. -->","yoast_head_json":{"title":"Deducci\u00f3n gastos veh\u00edculos - ICC Asesores","robots":{"index":"index","follow":"follow","max-snippet":"max-snippet:-1","max-image-preview":"max-image-preview:large","max-video-preview":"max-video-preview:-1"},"canonical":"https:\/\/iccasesores.es\/eu\/deduccion-gastos-vehiculos-2\/","og_locale":"en_US","og_type":"article","og_title":"Deducci\u00f3n gastos veh\u00edculos - ICC Asesores","og_description":"Deducci\u00f3n gastos veh\u00edculos Una cuesti\u00f3n muy frecuente planteada por nuestros clientes concierne a la legalidad o no de deducir los gastos que se soportan por disponer de un veh\u00edculo turismo afecto a la actividad econ\u00f3mica. La interpretaci\u00f3n como gasto de estos veh\u00edculos difiere de la forma jur\u00eddica bajo la que desarrollemos nuestra actividad. Tenemos dos...","og_url":"https:\/\/iccasesores.es\/eu\/deduccion-gastos-vehiculos-2\/","og_site_name":"ICC Asesores","article_published_time":"2023-10-20T12:17:24+00:00","article_modified_time":"2023-10-20T12:18:00+00:00","og_image":[{"url":"https:\/\/iccasesores.es\/wp-content\/uploads\/2023\/10\/autos-1115600_1280-Copy-1024x675-1.jpg","type":"","width":"","height":""}],"author":"admin","twitter_card":"summary_large_image","twitter_misc":{"Written by":"admin","Est. reading time":"5 minutua"},"schema":{"@context":"https:\/\/schema.org","@graph":[{"@type":"Article","@id":"https:\/\/iccasesores.es\/deduccion-gastos-vehiculos-2\/#article","isPartOf":{"@id":"https:\/\/iccasesores.es\/deduccion-gastos-vehiculos-2\/"},"author":{"name":"admin","@id":"https:\/\/iccasesores.es\/#\/schema\/person\/eddf7bcf25f115e09a47d21f6dfc51e8"},"headline":"Deducci\u00f3n gastos veh\u00edculos","datePublished":"2023-10-20T12:17:24+00:00","dateModified":"2023-10-20T12:18:00+00:00","mainEntityOfPage":{"@id":"https:\/\/iccasesores.es\/deduccion-gastos-vehiculos-2\/"},"wordCount":911,"publisher":{"@id":"https:\/\/iccasesores.es\/#organization"},"image":{"@id":"https:\/\/iccasesores.es\/deduccion-gastos-vehiculos-2\/#primaryimage"},"thumbnailUrl":"https:\/\/iccasesores.es\/wp-content\/uploads\/2023\/10\/autos-1115600_1280-Copy-1024x675-1.jpg","articleSection":["Blog"],"inLanguage":"eu"},{"@type":"WebPage","@id":"https:\/\/iccasesores.es\/deduccion-gastos-vehiculos-2\/","url":"https:\/\/iccasesores.es\/deduccion-gastos-vehiculos-2\/","name":"Deducci\u00f3n gastos veh\u00edculos - ICC Asesores","isPartOf":{"@id":"https:\/\/iccasesores.es\/#website"},"primaryImageOfPage":{"@id":"https:\/\/iccasesores.es\/deduccion-gastos-vehiculos-2\/#primaryimage"},"image":{"@id":"https:\/\/iccasesores.es\/deduccion-gastos-vehiculos-2\/#primaryimage"},"thumbnailUrl":"https:\/\/iccasesores.es\/wp-content\/uploads\/2023\/10\/autos-1115600_1280-Copy-1024x675-1.jpg","datePublished":"2023-10-20T12:17:24+00:00","dateModified":"2023-10-20T12:18:00+00:00","breadcrumb":{"@id":"https:\/\/iccasesores.es\/deduccion-gastos-vehiculos-2\/#breadcrumb"},"inLanguage":"eu","potentialAction":[{"@type":"ReadAction","target":["https:\/\/iccasesores.es\/deduccion-gastos-vehiculos-2\/"]}]},{"@type":"ImageObject","inLanguage":"eu","@id":"https:\/\/iccasesores.es\/deduccion-gastos-vehiculos-2\/#primaryimage","url":"https:\/\/iccasesores.es\/wp-content\/uploads\/2023\/10\/autos-1115600_1280-Copy-1024x675-1.jpg","contentUrl":"https:\/\/iccasesores.es\/wp-content\/uploads\/2023\/10\/autos-1115600_1280-Copy-1024x675-1.jpg"},{"@type":"BreadcrumbList","@id":"https:\/\/iccasesores.es\/deduccion-gastos-vehiculos-2\/#breadcrumb","itemListElement":[{"@type":"ListItem","position":1,"name":"Portada","item":"https:\/\/iccasesores.es\/"},{"@type":"ListItem","position":2,"name":"Deducci\u00f3n gastos veh\u00edculos"}]},{"@type":"WebSite","@id":"https:\/\/iccasesores.es\/#website","url":"https:\/\/iccasesores.es\/","name":"ICC Asesores","description":"Enpresa txikientzako eta autonomoentzako aholkularitza","publisher":{"@id":"https:\/\/iccasesores.es\/#organization"},"potentialAction":[{"@type":"SearchAction","target":{"@type":"EntryPoint","urlTemplate":"https:\/\/iccasesores.es\/?s={search_term_string}"},"query-input":{"@type":"PropertyValueSpecification","valueRequired":true,"valueName":"search_term_string"}}],"inLanguage":"eu"},{"@type":"Organization","@id":"https:\/\/iccasesores.es\/#organization","name":"ICC Asesores","url":"https:\/\/iccasesores.es\/","logo":{"@type":"ImageObject","inLanguage":"eu","@id":"https:\/\/iccasesores.es\/#\/schema\/logo\/image\/","url":"https:\/\/iccasesores.es\/wp-content\/uploads\/2023\/10\/cropped-ICC-Asesores-Logo.png","contentUrl":"https:\/\/iccasesores.es\/wp-content\/uploads\/2023\/10\/cropped-ICC-Asesores-Logo.png","width":608,"height":609,"caption":"ICC Asesores"},"image":{"@id":"https:\/\/iccasesores.es\/#\/schema\/logo\/image\/"}},{"@type":"Person","@id":"https:\/\/iccasesores.es\/#\/schema\/person\/eddf7bcf25f115e09a47d21f6dfc51e8","name":"admin","image":{"@type":"ImageObject","inLanguage":"eu","@id":"https:\/\/secure.gravatar.com\/avatar\/4b903b6560091a7280eda90a2491f38d8fbc77a2bb55f4ac3a063d76b12dff57?s=96&d=mm&r=g","url":"https:\/\/secure.gravatar.com\/avatar\/4b903b6560091a7280eda90a2491f38d8fbc77a2bb55f4ac3a063d76b12dff57?s=96&d=mm&r=g","contentUrl":"https:\/\/secure.gravatar.com\/avatar\/4b903b6560091a7280eda90a2491f38d8fbc77a2bb55f4ac3a063d76b12dff57?s=96&d=mm&r=g","caption":"admin"},"sameAs":["https:\/\/iccasesores.es"],"url":"https:\/\/iccasesores.es\/eu\/author\/icasesores\/"}]}},"jetpack_featured_media_url":"","_links":{"self":[{"href":"https:\/\/iccasesores.es\/eu\/wp-json\/wp\/v2\/posts\/845","targetHints":{"allow":["GET"]}}],"collection":[{"href":"https:\/\/iccasesores.es\/eu\/wp-json\/wp\/v2\/posts"}],"about":[{"href":"https:\/\/iccasesores.es\/eu\/wp-json\/wp\/v2\/types\/post"}],"author":[{"embeddable":true,"href":"https:\/\/iccasesores.es\/eu\/wp-json\/wp\/v2\/users\/1"}],"replies":[{"embeddable":true,"href":"https:\/\/iccasesores.es\/eu\/wp-json\/wp\/v2\/comments?post=845"}],"version-history":[{"count":4,"href":"https:\/\/iccasesores.es\/eu\/wp-json\/wp\/v2\/posts\/845\/revisions"}],"predecessor-version":[{"id":850,"href":"https:\/\/iccasesores.es\/eu\/wp-json\/wp\/v2\/posts\/845\/revisions\/850"}],"wp:attachment":[{"href":"https:\/\/iccasesores.es\/eu\/wp-json\/wp\/v2\/media?parent=845"}],"wp:term":[{"taxonomy":"category","embeddable":true,"href":"https:\/\/iccasesores.es\/eu\/wp-json\/wp\/v2\/categories?post=845"},{"taxonomy":"post_tag","embeddable":true,"href":"https:\/\/iccasesores.es\/eu\/wp-json\/wp\/v2\/tags?post=845"}],"curies":[{"name":"wp","href":"https:\/\/api.w.org\/{rel}","templated":true}]}}